{"id":38,"date":"2026-01-22T06:53:24","date_gmt":"2026-01-22T06:53:24","guid":{"rendered":"https:\/\/www.in-vendita.it\/mag\/levoluzione-del-cappello-borsalino-attraverso-i-decenni\/"},"modified":"2026-01-22T06:53:24","modified_gmt":"2026-01-22T06:53:24","slug":"levoluzione-del-cappello-borsalino-attraverso-i-decenni","status":"publish","type":"post","link":"https:\/\/www.in-vendita.it\/mag\/levoluzione-del-cappello-borsalino-attraverso-i-decenni\/","title":{"rendered":"L\u2019evoluzione del cappello borsalino attraverso i decenni"},"content":{"rendered":"<p><strong>L\u2019evoluzione del cappello Borsalino<\/strong> \u00e8 un viaggio affascinante che attraversa tempi, mode e culture, riflettendo l\u2019essenza stessa dello stile italiano. Questo iconico accessorio, nato nel cuore del Piemonte a met\u00e0 Ottocento, ha saputo conquistare il mondo grazie a un connubio perfetto di artigianato, innovazione e un\u2019estetica senza tempo. Nel corso dei decenni, il Borsalino non \u00e8 stato solo un semplice cappello, ma un simbolo di eleganza e distinzione, indossato da star, intellettuali e viaggiatori proiettati verso nuove tendenze. La sua storia \u00e8 un ritratto vivido di come un oggetto possa diventare leggenda, influenzando la moda maschile e femminile a livello globale.<\/p>\n\n<p>Dal Piemonte alle passerelle internazionali, la traiettoria del cappello Borsalino \u00e8 costellata di momenti chiave che ne hanno segnato la crescita e l\u2019adattamento ai gusti in evoluzione. In un mondo in cui le tendenze si susseguono rapidamente, il Borsalino si \u00e8 distinto per la capacit\u00e0 di rinnovarsi pur mantenendo una forma classica riconoscibile all\u2019istante. Le scelte di tessuti, le variazioni di modelli e l\u2019appeal cinematografico hanno alimentato la sua popolarit\u00e0, creando un dialogo continuo tra tradizione e modernit\u00e0.<\/p>\n\n<h2 class=\"wp-block-heading\">L\u2019origine e l\u2019espansione internazionale del cappello Borsalino<\/h2>\n\n<p>Nel 1857, Giuseppe Borsalino inaugur\u00f2 ad Alessandria, in Piemonte, un piccolo laboratorio dedicato alla produzione di cappelli in feltro di alta qualit\u00e0. Quella bottega fu il punto di partenza di un\u2019impresa che, grazie alla maestria artigianale e a una raffinata tecnica industriale, avrebbe trasformato il cappello da semplice accessorio in un simbolo di eleganza mondiale. Gi\u00e0 nei primi anni di attivit\u00e0, l\u2019azienda riusc\u00ec a produrre migliaia di pezzi al giorno, consolidando una reputazione che gli valse prestigiosi riconoscimenti come il Grand Prix alla Esposizione Universale di Parigi.<\/p>\n\n<p>Il successo non tard\u00f2 a oltrepassare i confini nazionali. Gran Bretagna e Stati Uniti, con la loro attenzione crescente alla moda maschile, adottarono presto il Borsalino come capo imprescindibile, soprattutto grazie all\u2019esposizione cinematografica che port\u00f2 l\u2019accessorio sotto i riflettori di Hollywood. Attori come Humphrey Bogart, che nella leggendaria scena finale di <strong>Casablanca<\/strong> indossa un Borsalino, e Jean Paul Belmondo, protagonista dei film d\u2019autore degli anni \u201960 e \u201970, sono stati fondamentali nel rafforzare il mito intorno al marchio italiano.<\/p>\n\n<p>Questa notoriet\u00e0 ha alimentato ulteriormente la domanda, permettendo a Borsalino di posizionarsi come un marchio di lusso sinonimo di tradizione e stile. Il Piemonte, culla dell\u2019artigianato e della cultura manifatturiera, ha visto crescere cos\u00ec la sua icona pi\u00f9 celebre, capace di esportare il suo patrimonio di tecnica e cura verso mercati lontani, mantenendo sempre intatta la propria identit\u00e0 italiana.<\/p>\n\n<figure class=\"wp-block-image size-full\"><img loading=\"lazy\" decoding=\"async\" width=\"1200\" height=\"627\" src=\"https:\/\/www.in-vendita.it\/mag\/wp-content\/uploads\/2026\/01\/borsalino-hat-evolution-1.jpg\" alt=\"scopri l&#039;evoluzione del cappello borsalino, un&#039;icona di stile e artigianato italiano nel corso degli anni.\" class=\"wp-image-37\" srcset=\"https:\/\/www.in-vendita.it\/mag\/wp-content\/uploads\/2026\/01\/borsalino-hat-evolution-1.jpg 1200w, https:\/\/www.in-vendita.it\/mag\/wp-content\/uploads\/2026\/01\/borsalino-hat-evolution-1-300x157.jpg 300w, https:\/\/www.in-vendita.it\/mag\/wp-content\/uploads\/2026\/01\/borsalino-hat-evolution-1-1024x535.jpg 1024w, https:\/\/www.in-vendita.it\/mag\/wp-content\/uploads\/2026\/01\/borsalino-hat-evolution-1-768x401.jpg 768w\" sizes=\"auto, (max-width: 1200px) 100vw, 1200px\" \/><\/figure>\n\n<h2 class=\"wp-block-heading\">L\u2019evoluzione dei modelli Borsalino: tra tradizione e innovazione<\/h2>\n\n<p>Il cappello Borsalino ha mantenuto nel tempo una silhouette riconoscibile, ma ha saputo adattare il proprio design ai gusti e alle esigenze dei diversi decenni. La forma classica in feltro rimane il punto di riferimento principale, conferendo quell\u2019eleganza e quel mistero che contraddistinguono il marchio. Tuttavia, l\u2019azienda ha ampliato la propria offerta introducendo varianti in tessuti e materiali pi\u00f9 leggeri, come il celebre Borsalino Panama, intrecciato con fibre di palma ecuadoriana, ideale per le stagioni calde grazie alla sua freschezza ed eleganza disinvolta.<\/p>\n\n<p>Tra i modelli pi\u00f9 apprezzati oggi non manca il <strong>Fedora<\/strong>, nato originariamente per un ruolo teatrale e ora un must per entrambi i generi. La sua fascia personalizzabile e la linea versatile ne garantiscono un fascino senza tempo che continua a conquistare nuove generazioni. Il <strong>Trilby<\/strong>, con il suo feltro pi\u00f9 rasato e una vestibilit\u00e0 che unisce classicismo e modernit\u00e0, si presenta come una scelta ideale per chi vuole osare senza rinunciare all\u2019eleganza tradizionale.<\/p>\n\n<p>Questa capacit\u00e0 di reinventarsi mantenendo la propria storia \u00e8 ci\u00f2 che rende il cappello Borsalino un pezzo ambito sia dagli amanti del vintage che dagli stilisti pi\u00f9 contemporanei. Le collezioni femminili e quelle in tessuto completano poi una gamma variegata, sempre nel segno della qualit\u00e0 artigianale e della ricerca stilistica. Si pu\u00f2 quindi dire che il cappello sia diventato un accessorio multiuso, capace di incarnare diverse anime del fashion contemporaneo.<\/p>\n\n<h3 class=\"wp-block-heading\">Tabella comparativa dei modelli Borsalino pi\u00f9 iconici<\/h3>\n\n<figure class=\"wp-block-table\"><table>\n<thead>\n<tr>\n<th>Modello<\/th>\n<th>Materiale<\/th>\n<th>Stagione consigliata<\/th>\n<th>Caratteristiche<\/th>\n<\/tr>\n<\/thead>\n<tbody>\n<tr>\n<td>Fedora<\/td>\n<td>Feltro di alta qualit\u00e0<\/td>\n<td>Autunno\/Inverno<\/td>\n<td>Fascia personalizzabile, classico ed elegante<\/td>\n<\/tr>\n<tr>\n<td>Panama<\/td>\n<td>Fibre di palma ecuadoriana<\/td>\n<td>Primavera\/Estate<\/td>\n<td>Leggero, versatile, ideale per look estivi<\/td>\n<\/tr>\n<tr>\n<td>Trilby<\/td>\n<td>Feltro rasato<\/td>\n<td>Autunno\/Primavera<\/td>\n<td>Stile contemporaneo con richiamo al classico<\/td>\n<\/tr>\n<tr>\n<td>Classic Felt<\/td>\n<td>Feltro morbido<\/td>\n<td>Inverno<\/td>\n<td>Eleganza senza tempo e resistenza al freddo<\/td>\n<\/tr>\n<\/tbody>\n<\/table><\/figure>\n\n<h2 class=\"wp-block-heading\">Il cappello Borsalino e il suo legame indissolubile con il cinema<\/h2>\n\n<p>Il rapporto tra il cappello Borsalino e il mondo del cinema \u00e8 una delle chiavi del suo successo globale. Sin dai primi del Novecento, le star di Hollywood hanno scelto questo accessorio per definire personaggi carismatici e indimenticabili. L\u2019iconica scena finale di <strong>Casablanca<\/strong> con Humphrey Bogart, e successivamente le pellicole di registi come Federico Fellini e Jean-Luc Godard, hanno consacrato il cappello come simbolo di eleganza e fascino misterioso.<\/p>\n\n<p>Il 1970 ha rappresentato un punto di svolta con l\u2019uscita del film intitolato proprio \u201cBorsalino\u201d, con protagonisti Jean-Paul Belmondo e Alain Delon. Questa pellicola dimostra quanto il cappello sia entrato nell\u2019immaginario collettivo come un vero e proprio elemento di stile, capace di suggerire ruoli di potere, charme e ribellione. Proprio la settima arte ha fatto da amplificatore a livello internazionale, confermando l\u2019importanza del cappello nel vestire e nel raccontare storie.<\/p>\n\n<figure class=\"is-provider-youtube is-type-video wp-block-embed wp-block-embed-youtube wp-embed-aspect-16-9 wp-has-aspect-ratio\"><div class=\"wp-block-embed__wrapper\">\n<iframe loading=\"lazy\" title=\"LA MIA COLLEZIONE DI CAPPELLI | MY HAT COLLECTION | Borsalino, Brixton and more | Silvia Arossa\" width=\"500\" height=\"281\" src=\"https:\/\/www.youtube.com\/embed\/MQ2DHUaD5w8?feature=oembed\" frameborder=\"0\" allow=\"accelerometer; autoplay; clipboard-write; encrypted-media; gyroscope; picture-in-picture; web-share\" referrerpolicy=\"strict-origin-when-cross-origin\" allowfullscreen><\/iframe>\n<\/div><\/figure>\n\n<p>Ancora oggi, il cappello continua a essere un punto fermo nelle scene di film e spettacoli, confermando la sua posizione nella cultura popolare e tra gli stilisti pi\u00f9 innovativi. Indossare un Borsalino equivale a condividere un\u2019eredit\u00e0 fatta di classe e storia, ma anche di quella capacit\u00e0 unica di emozionare chi la osserva o la incarna.<\/p>\n\n<h2 class=\"wp-block-heading\">Come indossare il cappello Borsalino: esempi di stile contemporaneo<\/h2>\n\n<p>L\u2019arte di indossare un cappello Borsalino ha attraversato epoche e mode, affermandosi come un vero e proprio segno distintivo lungo il corso dei decenni. Nel 2026, il cappello non \u00e8 pi\u00f9 riservato esclusivamente a una nicchia di appassionati o a chi segue rigide regole formali. Al contrario, molte celebrit\u00e0 e influencer, da Johnny Depp a Pharrell Williams, hanno riscoperto il Borsalino come accessorio versatile e dal fascino trasversale.<\/p>\n\n<p>Johnny Depp sceglie di indossarlo in modo sregolato, abbinandolo a completi eleganti con dettagli contrapposti nella fascia, mentre Pharrell Williams lo interpreta in chiave hipster e casual, sposandolo con bermuda, camicie hawaiane e sneakers. Questo mix di eleganza e personalit\u00e0 dimostra che il Borsalino pu\u00f2 adattarsi a diversi stili, esprimendo una tendenza che guarda al passato senza rinunciare a un tocco contemporaneo e urbano.<\/p>\n\n<p>Questa versatilit\u00e0 si ritrova anche nell\u2019uso quotidiano, dove il cappello diventa un accessorio che valorizza il look di amanti del teatro, viaggiatori e appassionati di moda in ogni angolo del pianeta. La sua forma camaleontica e l\u2019attenzione al dettaglio permettono di sperimentare combinazioni uniche, dando vita a una vera e propria esperienza di stile che unisce tradizione e innovazione.<\/p>\n\n<ul class=\"wp-block-list\"><li><strong>Eleganza classica:<\/strong> abbinare il Borsalino a giacche sartoriali e abiti formali per eventi importanti.<\/li><li><strong>Look casual:<\/strong> mixare il cappello a t-shirt e jeans per un tocco di originalit\u00e0 urbana.<\/li><li><strong>Estate sofisticata:<\/strong> indossare il modello Panama con camicie leggere e pantaloni corti.<\/li><li><strong>Stile raffinato femminile:<\/strong> scegliere modelli con dettagli personalizzati e abbinarli a abiti di classe.<\/li><li><strong>Urban chic:<\/strong> combinare il cappello con giacche di pelle e accessori colorati per un outfit moderno e audace.<\/li><\/ul>\n\n<h2 class=\"wp-block-heading\">Il futuro del cappello Borsalino e l\u2019eccellenza dell\u2019artigianato italiano<\/h2>\n\n<p>Non si pu\u00f2 parlare dell\u2019evoluzione del cappello Borsalino senza soffermarsi sull\u2019importanza dell\u2019artigianato che da sempre ne caratterizza la produzione. Nel mondo della moda contemporanea, dove la produzione di massa domina spesso il mercato, Borsalino rappresenta un esempio tangibile di come la qualit\u00e0 e l\u2019attenzione al dettaglio siano ancora determinanti per creare prodotti di alta gamma e dallo stile inconfondibile.<\/p>\n\n<p>Nel 2026, l\u2019azienda continua a investire nel mantenimento di metodi tradizionali affiancandoli a innovazioni sostenibili, elementi che assicureranno la longevit\u00e0 del marchio e la sua capacit\u00e0 di conquistare nuove generazioni di consumatori. Il Museo Borsalino, situato nel cuore di Alessandria, racconta questa storia di successo, esponendo cappelli che hanno fatto la storia e accompagnando i visitatori in un percorso unico legato alla cultura della moda italiana.<\/p>\n\n<p>Visita <a href=\"https:\/\/www.vogue.it\/moda\/article\/cappelli-borsalino-storia-marchio-italiano\">questo approfondimento su Vogue<\/a> per scoprire di pi\u00f9 sull\u2019influenza storica e culturale del cappello, oppure esplora <a href=\"https:\/\/borsalinomuseum.com\/storia\/\">il sito ufficiale del Museo Borsalino<\/a> per immergerti nella tradizione che ha reso questo accessorio un simbolo internazionale.<\/p>\n\n<figure class=\"is-provider-youtube is-type-video wp-block-embed wp-block-embed-youtube wp-embed-aspect-16-9 wp-has-aspect-ratio\"><div class=\"wp-block-embed__wrapper\">\n<iframe loading=\"lazy\" title=\"Borsalino (1913)\" width=\"500\" height=\"281\" src=\"https:\/\/www.youtube.com\/embed\/Pb8kOzdwkAA?feature=oembed\" frameborder=\"0\" allow=\"accelerometer; autoplay; clipboard-write; encrypted-media; gyroscope; picture-in-picture; web-share\" referrerpolicy=\"strict-origin-when-cross-origin\" allowfullscreen><\/iframe>\n<\/div><\/figure>\n\n<script type=\"application\/ld+json\">\n{\"@context\":\"https:\/\/schema.org\",\"@type\":\"FAQPage\",\"mainEntity\":[{\"@type\":\"Question\",\"name\":\"Qual u00e8 lu2019origine del cappello Borsalino?\",\"acceptedAnswer\":{\"@type\":\"Answer\",\"text\":\"Il cappello Borsalino nasce nel 1857 ad Alessandria, Piemonte, grazie allu2019iniziativa di Giuseppe Borsalino, che avvia un laboratorio specializzato nella produzione di cappelli in feltro di alta qualitu00e0.\"}},{\"@type\":\"Question\",\"name\":\"Quali sono i modelli di Borsalino piu00f9 famosi?\",\"acceptedAnswer\":{\"@type\":\"Answer\",\"text\":\"I modelli piu00f9 celebri includono il Fedora, il Panama e il Trilby, ognuno caratterizzato da materiali e tagli specifici per diverse stagioni e stili.\"}},{\"@type\":\"Question\",\"name\":\"Come u00e8 legato il Borsalino al cinema?\",\"acceptedAnswer\":{\"@type\":\"Answer\",\"text\":\"Il cappello ha una forte presenza nel mondo del cinema, usato da star come Humphrey Bogart in Casablanca e protagonista del film 'Borsalino' del 1970 con Jean-Paul Belmondo e Alain Delon.\"}},{\"@type\":\"Question\",\"name\":\"Come si puu00f2 indossare il Borsalino oggi?\",\"acceptedAnswer\":{\"@type\":\"Answer\",\"text\":\"Nel 2026, il Borsalino si indossa in modo versatile: da look formali a casual e hipster, grazie a celebritu00e0 che lo reinterpretano in modi diversi pur mantenendo unu2019eleganza senza tempo.\"}},{\"@type\":\"Question\",\"name\":\"Dove posso scoprire la storia del cappello Borsalino?\",\"acceptedAnswer\":{\"@type\":\"Answer\",\"text\":\"Oltre al Museo Borsalino di Alessandria, si possono trovare approfondimenti su siti come <a href='https:\/\/www.progetto-radici.it\/2020\/11\/20\/la-storia-del-cappello-borsalino\/'>Progetto Radici<\/a> e <a href='https:\/\/www.dailyman.it\/storia-di-borsalino-il-cappello-italiano-famoso-nel-mondo\/'>Daily Man<\/a>.\"}}]}\n<\/script>\n<h3>Qual \u00e8 l\u2019origine del cappello Borsalino?<\/h3>\n<p>Il cappello Borsalino nasce nel 1857 ad Alessandria, Piemonte, grazie all\u2019iniziativa di Giuseppe Borsalino, che avvia un laboratorio specializzato nella produzione di cappelli in feltro di alta qualit\u00e0.<\/p>\n<h3>Quali sono i modelli di Borsalino pi\u00f9 famosi?<\/h3>\n<p>I modelli pi\u00f9 celebri includono il Fedora, il Panama e il Trilby, ognuno caratterizzato da materiali e tagli specifici per diverse stagioni e stili.<\/p>\n<h3>Come \u00e8 legato il Borsalino al cinema?<\/h3>\n<p>Il cappello ha una forte presenza nel mondo del cinema, usato da star come Humphrey Bogart in Casablanca e protagonista del film &#8216;Borsalino&#8217; del 1970 con Jean-Paul Belmondo e Alain Delon.<\/p>\n<h3>Come si pu\u00f2 indossare il Borsalino oggi?<\/h3>\n<p>Nel 2026, il Borsalino si indossa in modo versatile: da look formali a casual e hipster, grazie a celebrit\u00e0 che lo reinterpretano in modi diversi pur mantenendo un\u2019eleganza senza tempo.<\/p>\n<h3>Dove posso scoprire la storia del cappello Borsalino?<\/h3>\n<p>Oltre al Museo Borsalino di Alessandria, si possono trovare approfondimenti su siti come <a href='https:\/\/www.progetto-radici.it\/2020\/11\/20\/la-storia-del-cappello-borsalino\/'>Progetto Radici<\/a> e <a href='https:\/\/www.dailyman.it\/storia-di-borsalino-il-cappello-italiano-famoso-nel-mondo\/'>Daily Man<\/a>.<\/p>\n\n","protected":false},"excerpt":{"rendered":"<p>L\u2019evoluzione del cappello Borsalino \u00e8 un viaggio affascinante che attraversa tempi, mode e culture, riflettendo l\u2019essenza stessa dello stile italiano. [&hellip;]<\/p>\n","protected":false},"author":1,"featured_media":36,"comment_status":"","ping_status":"","sticky":false,"template":"","format":"standard","meta":{"site-sidebar-layout":"default","site-content-layout":"","ast-site-content-layout":"default","site-content-style":"default","site-sidebar-style":"default","ast-global-header-display":"","ast-banner-title-visibility":"","ast-main-header-display":"","ast-hfb-above-header-display":"","ast-hfb-below-header-display":"","ast-hfb-mobile-header-display":"","site-post-title":"","ast-breadcrumbs-content":"","ast-featured-img":"","footer-sml-layout":"","ast-disable-related-posts":"","theme-transparent-header-meta":"","adv-header-id-meta":"","stick-header-meta":"","header-above-stick-meta":"","header-main-stick-meta":"","header-below-stick-meta":"","astra-migrate-meta-layouts":"default","ast-page-background-enabled":"default","ast-page-background-meta":{"desktop":{"background-color":"var(--ast-global-color-5)","background-image":"","background-repeat":"repeat","background-position":"center center","background-size":"auto","background-attachment":"scroll","background-type":"","background-media":"","overlay-type":"","overlay-color":"","overlay-opacity":"","overlay-gradient":""},"tablet":{"background-color":"","background-image":"","background-repeat":"repeat","background-position":"center center","background-size":"auto","background-attachment":"scroll","background-type":"","background-media":"","overlay-type":"","overlay-color":"","overlay-opacity":"","overlay-gradient":""},"mobile":{"background-color":"","background-image":"","background-repeat":"repeat","background-position":"center center","background-size":"auto","background-attachment":"scroll","background-type":"","background-media":"","overlay-type":"","overlay-color":"","overlay-opacity":"","overlay-gradient":""}},"ast-content-background-meta":{"desktop":{"background-color":"var(--ast-global-color-4)","background-image":"","background-repeat":"repeat","background-position":"center center","background-size":"auto","background-attachment":"scroll","background-type":"","background-media":"","overlay-type":"","overlay-color":"","overlay-opacity":"","overlay-gradient":""},"tablet":{"background-color":"var(--ast-global-color-4)","background-image":"","background-repeat":"repeat","background-position":"center center","background-size":"auto","background-attachment":"scroll","background-type":"","background-media":"","overlay-type":"","overlay-color":"","overlay-opacity":"","overlay-gradient":""},"mobile":{"background-color":"var(--ast-global-color-4)","background-image":"","background-repeat":"repeat","background-position":"center center","background-size":"auto","background-attachment":"scroll","background-type":"","background-media":"","overlay-type":"","overlay-color":"","overlay-opacity":"","overlay-gradient":""}},"footnotes":""},"categories":[1],"tags":[],"class_list":["post-38","post","type-post","status-publish","format-standard","has-post-thumbnail","hentry","category-uncategorized"],"yoast_head":"<!-- This site is optimized with the Yoast SEO plugin v27.5 - https:\/\/yoast.com\/product\/yoast-seo-wordpress\/ -->\n<title>L\u2019evoluzione del cappello borsalino attraverso i decenni - La rivista dell&#039;usato<\/title>\n<meta name=\"robots\" content=\"index, follow, max-snippet:-1, max-image-preview:large, max-video-preview:-1\" \/>\n<link rel=\"canonical\" href=\"https:\/\/www.in-vendita.it\/mag\/levoluzione-del-cappello-borsalino-attraverso-i-decenni\/\" \/>\n<meta property=\"og:locale\" content=\"it_IT\" \/>\n<meta property=\"og:type\" content=\"article\" \/>\n<meta property=\"og:title\" content=\"L\u2019evoluzione del cappello borsalino attraverso i decenni - La rivista dell&#039;usato\" \/>\n<meta property=\"og:description\" content=\"L\u2019evoluzione del cappello Borsalino \u00e8 un viaggio affascinante che attraversa tempi, mode e culture, riflettendo l\u2019essenza stessa dello stile italiano. [&hellip;]\" \/>\n<meta property=\"og:url\" content=\"https:\/\/www.in-vendita.it\/mag\/levoluzione-del-cappello-borsalino-attraverso-i-decenni\/\" \/>\n<meta property=\"og:site_name\" content=\"La rivista dell&#039;usato\" \/>\n<meta property=\"article:published_time\" content=\"2026-01-22T06:53:24+00:00\" \/>\n<meta property=\"og:image\" content=\"https:\/\/www.in-vendita.it\/mag\/wp-content\/uploads\/2026\/01\/borsalino-hat-evolution-1.jpg\" \/>\n\t<meta property=\"og:image:width\" content=\"1200\" \/>\n\t<meta property=\"og:image:height\" content=\"627\" \/>\n\t<meta property=\"og:image:type\" content=\"image\/jpeg\" \/>\n<meta name=\"author\" content=\"vincent\" \/>\n<meta name=\"twitter:card\" content=\"summary_large_image\" \/>\n<meta name=\"twitter:label1\" content=\"Scritto da\" \/>\n\t<meta name=\"twitter:data1\" content=\"vincent\" \/>\n\t<meta name=\"twitter:label2\" content=\"Tempo di lettura stimato\" \/>\n\t<meta name=\"twitter:data2\" content=\"8 minuti\" \/>\n<script type=\"application\/ld+json\" class=\"yoast-schema-graph\">{\"@context\":\"https:\\\/\\\/schema.org\",\"@graph\":[{\"@type\":\"Article\",\"@id\":\"https:\\\/\\\/www.in-vendita.it\\\/mag\\\/levoluzione-del-cappello-borsalino-attraverso-i-decenni\\\/#article\",\"isPartOf\":{\"@id\":\"https:\\\/\\\/www.in-vendita.it\\\/mag\\\/levoluzione-del-cappello-borsalino-attraverso-i-decenni\\\/\"},\"author\":{\"name\":\"vincent\",\"@id\":\"https:\\\/\\\/www.in-vendita.it\\\/mag\\\/#\\\/schema\\\/person\\\/abff84679913c48f41eca8585d5b811c\"},\"headline\":\"L\u2019evoluzione del cappello borsalino attraverso i decenni\",\"datePublished\":\"2026-01-22T06:53:24+00:00\",\"mainEntityOfPage\":{\"@id\":\"https:\\\/\\\/www.in-vendita.it\\\/mag\\\/levoluzione-del-cappello-borsalino-attraverso-i-decenni\\\/\"},\"wordCount\":1563,\"image\":{\"@id\":\"https:\\\/\\\/www.in-vendita.it\\\/mag\\\/levoluzione-del-cappello-borsalino-attraverso-i-decenni\\\/#primaryimage\"},\"thumbnailUrl\":\"https:\\\/\\\/www.in-vendita.it\\\/mag\\\/wp-content\\\/uploads\\\/2026\\\/01\\\/borsalino-hat-evolution.jpg\",\"articleSection\":[\"Uncategorized\"],\"inLanguage\":\"it-IT\"},{\"@type\":\"WebPage\",\"@id\":\"https:\\\/\\\/www.in-vendita.it\\\/mag\\\/levoluzione-del-cappello-borsalino-attraverso-i-decenni\\\/\",\"url\":\"https:\\\/\\\/www.in-vendita.it\\\/mag\\\/levoluzione-del-cappello-borsalino-attraverso-i-decenni\\\/\",\"name\":\"L\u2019evoluzione del cappello borsalino attraverso i decenni - La rivista dell&#039;usato\",\"isPartOf\":{\"@id\":\"https:\\\/\\\/www.in-vendita.it\\\/mag\\\/#website\"},\"primaryImageOfPage\":{\"@id\":\"https:\\\/\\\/www.in-vendita.it\\\/mag\\\/levoluzione-del-cappello-borsalino-attraverso-i-decenni\\\/#primaryimage\"},\"image\":{\"@id\":\"https:\\\/\\\/www.in-vendita.it\\\/mag\\\/levoluzione-del-cappello-borsalino-attraverso-i-decenni\\\/#primaryimage\"},\"thumbnailUrl\":\"https:\\\/\\\/www.in-vendita.it\\\/mag\\\/wp-content\\\/uploads\\\/2026\\\/01\\\/borsalino-hat-evolution.jpg\",\"datePublished\":\"2026-01-22T06:53:24+00:00\",\"author\":{\"@id\":\"https:\\\/\\\/www.in-vendita.it\\\/mag\\\/#\\\/schema\\\/person\\\/abff84679913c48f41eca8585d5b811c\"},\"breadcrumb\":{\"@id\":\"https:\\\/\\\/www.in-vendita.it\\\/mag\\\/levoluzione-del-cappello-borsalino-attraverso-i-decenni\\\/#breadcrumb\"},\"inLanguage\":\"it-IT\",\"potentialAction\":[{\"@type\":\"ReadAction\",\"target\":[\"https:\\\/\\\/www.in-vendita.it\\\/mag\\\/levoluzione-del-cappello-borsalino-attraverso-i-decenni\\\/\"]}]},{\"@type\":\"ImageObject\",\"inLanguage\":\"it-IT\",\"@id\":\"https:\\\/\\\/www.in-vendita.it\\\/mag\\\/levoluzione-del-cappello-borsalino-attraverso-i-decenni\\\/#primaryimage\",\"url\":\"https:\\\/\\\/www.in-vendita.it\\\/mag\\\/wp-content\\\/uploads\\\/2026\\\/01\\\/borsalino-hat-evolution.jpg\",\"contentUrl\":\"https:\\\/\\\/www.in-vendita.it\\\/mag\\\/wp-content\\\/uploads\\\/2026\\\/01\\\/borsalino-hat-evolution.jpg\",\"width\":1200,\"height\":627,\"caption\":\"scopri l'evoluzione del cappello borsalino, un'icona di stile e artigianato italiano attraverso i decenni.\"},{\"@type\":\"BreadcrumbList\",\"@id\":\"https:\\\/\\\/www.in-vendita.it\\\/mag\\\/levoluzione-del-cappello-borsalino-attraverso-i-decenni\\\/#breadcrumb\",\"itemListElement\":[{\"@type\":\"ListItem\",\"position\":1,\"name\":\"Home\",\"item\":\"https:\\\/\\\/www.in-vendita.it\\\/mag\\\/\"},{\"@type\":\"ListItem\",\"position\":2,\"name\":\"L\u2019evoluzione del cappello borsalino attraverso i decenni\"}]},{\"@type\":\"WebSite\",\"@id\":\"https:\\\/\\\/www.in-vendita.it\\\/mag\\\/#website\",\"url\":\"https:\\\/\\\/www.in-vendita.it\\\/mag\\\/\",\"name\":\"La rivista dell&#039;usato\",\"description\":\"\",\"potentialAction\":[{\"@type\":\"SearchAction\",\"target\":{\"@type\":\"EntryPoint\",\"urlTemplate\":\"https:\\\/\\\/www.in-vendita.it\\\/mag\\\/?s={search_term_string}\"},\"query-input\":{\"@type\":\"PropertyValueSpecification\",\"valueRequired\":true,\"valueName\":\"search_term_string\"}}],\"inLanguage\":\"it-IT\"},{\"@type\":\"Person\",\"@id\":\"https:\\\/\\\/www.in-vendita.it\\\/mag\\\/#\\\/schema\\\/person\\\/abff84679913c48f41eca8585d5b811c\",\"name\":\"vincent\",\"image\":{\"@type\":\"ImageObject\",\"inLanguage\":\"it-IT\",\"@id\":\"https:\\\/\\\/secure.gravatar.com\\\/avatar\\\/b984800dabdf722d5e3f03f637c8932dea77d81118467d17ad2953e3b273ec66?s=96&d=mm&r=g\",\"url\":\"https:\\\/\\\/secure.gravatar.com\\\/avatar\\\/b984800dabdf722d5e3f03f637c8932dea77d81118467d17ad2953e3b273ec66?s=96&d=mm&r=g\",\"contentUrl\":\"https:\\\/\\\/secure.gravatar.com\\\/avatar\\\/b984800dabdf722d5e3f03f637c8932dea77d81118467d17ad2953e3b273ec66?s=96&d=mm&r=g\",\"caption\":\"vincent\"},\"sameAs\":[\"https:\\\/\\\/in-vendita.it\\\/mag\"],\"url\":\"https:\\\/\\\/www.in-vendita.it\\\/mag\\\/author\\\/vdgvince_ghoe5zth\\\/\"}]}<\/script>\n<!-- \/ Yoast SEO plugin. -->","yoast_head_json":{"title":"L\u2019evoluzione del cappello borsalino attraverso i decenni - La rivista dell&#039;usato","robots":{"index":"index","follow":"follow","max-snippet":"max-snippet:-1","max-image-preview":"max-image-preview:large","max-video-preview":"max-video-preview:-1"},"canonical":"https:\/\/www.in-vendita.it\/mag\/levoluzione-del-cappello-borsalino-attraverso-i-decenni\/","og_locale":"it_IT","og_type":"article","og_title":"L\u2019evoluzione del cappello borsalino attraverso i decenni - La rivista dell&#039;usato","og_description":"L\u2019evoluzione del cappello Borsalino \u00e8 un viaggio affascinante che attraversa tempi, mode e culture, riflettendo l\u2019essenza stessa dello stile italiano. [&hellip;]","og_url":"https:\/\/www.in-vendita.it\/mag\/levoluzione-del-cappello-borsalino-attraverso-i-decenni\/","og_site_name":"La rivista dell&#039;usato","article_published_time":"2026-01-22T06:53:24+00:00","og_image":[{"width":1200,"height":627,"url":"https:\/\/www.in-vendita.it\/mag\/wp-content\/uploads\/2026\/01\/borsalino-hat-evolution-1.jpg","type":"image\/jpeg"}],"author":"vincent","twitter_card":"summary_large_image","twitter_misc":{"Scritto da":"vincent","Tempo di lettura stimato":"8 minuti"},"schema":{"@context":"https:\/\/schema.org","@graph":[{"@type":"Article","@id":"https:\/\/www.in-vendita.it\/mag\/levoluzione-del-cappello-borsalino-attraverso-i-decenni\/#article","isPartOf":{"@id":"https:\/\/www.in-vendita.it\/mag\/levoluzione-del-cappello-borsalino-attraverso-i-decenni\/"},"author":{"name":"vincent","@id":"https:\/\/www.in-vendita.it\/mag\/#\/schema\/person\/abff84679913c48f41eca8585d5b811c"},"headline":"L\u2019evoluzione del cappello borsalino attraverso i decenni","datePublished":"2026-01-22T06:53:24+00:00","mainEntityOfPage":{"@id":"https:\/\/www.in-vendita.it\/mag\/levoluzione-del-cappello-borsalino-attraverso-i-decenni\/"},"wordCount":1563,"image":{"@id":"https:\/\/www.in-vendita.it\/mag\/levoluzione-del-cappello-borsalino-attraverso-i-decenni\/#primaryimage"},"thumbnailUrl":"https:\/\/www.in-vendita.it\/mag\/wp-content\/uploads\/2026\/01\/borsalino-hat-evolution.jpg","articleSection":["Uncategorized"],"inLanguage":"it-IT"},{"@type":"WebPage","@id":"https:\/\/www.in-vendita.it\/mag\/levoluzione-del-cappello-borsalino-attraverso-i-decenni\/","url":"https:\/\/www.in-vendita.it\/mag\/levoluzione-del-cappello-borsalino-attraverso-i-decenni\/","name":"L\u2019evoluzione del cappello borsalino attraverso i decenni - La rivista dell&#039;usato","isPartOf":{"@id":"https:\/\/www.in-vendita.it\/mag\/#website"},"primaryImageOfPage":{"@id":"https:\/\/www.in-vendita.it\/mag\/levoluzione-del-cappello-borsalino-attraverso-i-decenni\/#primaryimage"},"image":{"@id":"https:\/\/www.in-vendita.it\/mag\/levoluzione-del-cappello-borsalino-attraverso-i-decenni\/#primaryimage"},"thumbnailUrl":"https:\/\/www.in-vendita.it\/mag\/wp-content\/uploads\/2026\/01\/borsalino-hat-evolution.jpg","datePublished":"2026-01-22T06:53:24+00:00","author":{"@id":"https:\/\/www.in-vendita.it\/mag\/#\/schema\/person\/abff84679913c48f41eca8585d5b811c"},"breadcrumb":{"@id":"https:\/\/www.in-vendita.it\/mag\/levoluzione-del-cappello-borsalino-attraverso-i-decenni\/#breadcrumb"},"inLanguage":"it-IT","potentialAction":[{"@type":"ReadAction","target":["https:\/\/www.in-vendita.it\/mag\/levoluzione-del-cappello-borsalino-attraverso-i-decenni\/"]}]},{"@type":"ImageObject","inLanguage":"it-IT","@id":"https:\/\/www.in-vendita.it\/mag\/levoluzione-del-cappello-borsalino-attraverso-i-decenni\/#primaryimage","url":"https:\/\/www.in-vendita.it\/mag\/wp-content\/uploads\/2026\/01\/borsalino-hat-evolution.jpg","contentUrl":"https:\/\/www.in-vendita.it\/mag\/wp-content\/uploads\/2026\/01\/borsalino-hat-evolution.jpg","width":1200,"height":627,"caption":"scopri l'evoluzione del cappello borsalino, un'icona di stile e artigianato italiano attraverso i decenni."},{"@type":"BreadcrumbList","@id":"https:\/\/www.in-vendita.it\/mag\/levoluzione-del-cappello-borsalino-attraverso-i-decenni\/#breadcrumb","itemListElement":[{"@type":"ListItem","position":1,"name":"Home","item":"https:\/\/www.in-vendita.it\/mag\/"},{"@type":"ListItem","position":2,"name":"L\u2019evoluzione del cappello borsalino attraverso i decenni"}]},{"@type":"WebSite","@id":"https:\/\/www.in-vendita.it\/mag\/#website","url":"https:\/\/www.in-vendita.it\/mag\/","name":"La rivista dell&#039;usato","description":"","potentialAction":[{"@type":"SearchAction","target":{"@type":"EntryPoint","urlTemplate":"https:\/\/www.in-vendita.it\/mag\/?s={search_term_string}"},"query-input":{"@type":"PropertyValueSpecification","valueRequired":true,"valueName":"search_term_string"}}],"inLanguage":"it-IT"},{"@type":"Person","@id":"https:\/\/www.in-vendita.it\/mag\/#\/schema\/person\/abff84679913c48f41eca8585d5b811c","name":"vincent","image":{"@type":"ImageObject","inLanguage":"it-IT","@id":"https:\/\/secure.gravatar.com\/avatar\/b984800dabdf722d5e3f03f637c8932dea77d81118467d17ad2953e3b273ec66?s=96&d=mm&r=g","url":"https:\/\/secure.gravatar.com\/avatar\/b984800dabdf722d5e3f03f637c8932dea77d81118467d17ad2953e3b273ec66?s=96&d=mm&r=g","contentUrl":"https:\/\/secure.gravatar.com\/avatar\/b984800dabdf722d5e3f03f637c8932dea77d81118467d17ad2953e3b273ec66?s=96&d=mm&r=g","caption":"vincent"},"sameAs":["https:\/\/in-vendita.it\/mag"],"url":"https:\/\/www.in-vendita.it\/mag\/author\/vdgvince_ghoe5zth\/"}]}},"_links":{"self":[{"href":"https:\/\/www.in-vendita.it\/mag\/wp-json\/wp\/v2\/posts\/38","targetHints":{"allow":["GET"]}}],"collection":[{"href":"https:\/\/www.in-vendita.it\/mag\/wp-json\/wp\/v2\/posts"}],"about":[{"href":"https:\/\/www.in-vendita.it\/mag\/wp-json\/wp\/v2\/types\/post"}],"author":[{"embeddable":true,"href":"https:\/\/www.in-vendita.it\/mag\/wp-json\/wp\/v2\/users\/1"}],"replies":[{"embeddable":true,"href":"https:\/\/www.in-vendita.it\/mag\/wp-json\/wp\/v2\/comments?post=38"}],"version-history":[{"count":0,"href":"https:\/\/www.in-vendita.it\/mag\/wp-json\/wp\/v2\/posts\/38\/revisions"}],"wp:featuredmedia":[{"embeddable":true,"href":"https:\/\/www.in-vendita.it\/mag\/wp-json\/wp\/v2\/media\/36"}],"wp:attachment":[{"href":"https:\/\/www.in-vendita.it\/mag\/wp-json\/wp\/v2\/media?parent=38"}],"wp:term":[{"taxonomy":"category","embeddable":true,"href":"https:\/\/www.in-vendita.it\/mag\/wp-json\/wp\/v2\/categories?post=38"},{"taxonomy":"post_tag","embeddable":true,"href":"https:\/\/www.in-vendita.it\/mag\/wp-json\/wp\/v2\/tags?post=38"}],"curies":[{"name":"wp","href":"https:\/\/api.w.org\/{rel}","templated":true}]}}